{"id":1972,"date":"2023-07-27T23:08:31","date_gmt":"2023-07-27T23:08:31","guid":{"rendered":"https:\/\/drbadia.com\/es\/?p=1972"},"modified":"2025-11-11T17:24:01","modified_gmt":"2025-11-11T21:24:01","slug":"no-podia-cargar-a-mis-hijos-paciente-de-ecuador","status":"publish","type":"post","link":"https:\/\/drbadia.com\/es\/no-podia-cargar-a-mis-hijos-paciente-de-ecuador\/","title":{"rendered":"\u00abNo pod\u00eda cargar a mis hijos\u00bb paciente de Ecuador"},"content":{"rendered":"\n<h2 class=\"wp-block-heading\" id=\"h-no-podia-cargar-a-mis-hijos-o-incluso-cepillarme-los-dientes-cuenta-nuestra-paciente-de-ecuador\">\u201cNo pod\u00eda cargar a mis hijos o incluso cepillarme los dientes\u00bb Cuenta nuestra paciente de Ecuador<\/h2>\n\n\n\n<figure class=\"wp-block-embed is-type-video is-provider-youtube wp-block-embed-youtube wp-embed-aspect-4-3 wp-has-aspect-ratio\"><div class=\"wp-block-embed__wrapper\">\n<iframe loading=\"lazy\" title=\"\u201cNo pod\u00eda cargar a mis hijos o incluso cepillarme los dientes&quot; Cuenta nuestra paciente de Ecuador\" width=\"500\" height=\"375\" src=\"https:\/\/www.youtube.com\/embed\/GtrXdop28CE?list=PLcMBSd0j96mhEV-eXMoSYjRt9gRwBCy3d\" frameborder=\"0\" allow=\"accelerometer; autoplay; clipboard-write; encrypted-media; gyroscope; picture-in-picture; web-share\" referrerpolicy=\"strict-origin-when-cross-origin\" allowfullscreen><\/iframe>\n<\/div><\/figure>\n\n\n\n<p>El dolor que sinti\u00f3 nuestra paciente interfer\u00eda con las actividades diarias. El procedimiento realizado fue una carpectomia de fila proximal. Esperamos poder compartir mas de su historia en el futuro.<\/p>\n\n\n\n<h2 class=\"wp-block-heading\" id=\"h-que-es-una-carpectomia-proximal\">Que es una carpectom\u00eda proximal?<\/h2>\n\n\n\n<p>La carpectom\u00eda de la fila proximal (PRC, por sus siglas en ingl\u00e9s) constituye un procedimiento quir\u00fargico destinado a eliminar una de las dos filas de huesos peque\u00f1os en la <a href=\"https:\/\/drbadia.com\/es\/paciente-de-91-anos-se-fractura-la-muneca-y-comparte-su-experiencia-con-el-dr-badia\/\" data-wpil-monitor-id=\"1087\">mu\u00f1eca<\/a>. En esencia, esta t\u00e9cnica transforma una articulaci\u00f3n compleja de la mu\u00f1eca en una bisagra simple pero funcional. Durante la operaci\u00f3n, se lleva a cabo la extracci\u00f3n del escafoides, el semilunar y el piramidal, que conforman la primera fila de huesos.<\/p>\n\n\n\n<p>Este procedimiento puede ser considerado para pacientes que presentan afecciones de mu\u00f1eca como la osteoartritis avanzada en la articulaci\u00f3n de la mu\u00f1eca o lesiones traum\u00e1ticas que afectan la funci\u00f3n y causan dolor significativo. La carpectom\u00eda de la fila proximal se reserva para aquellos casos en los que otros tratamientos m\u00e1s conservadores no han brindado el alivio deseado. Como con cualquier procedimiento m\u00e9dico, la elegibilidad de un paciente se determinar\u00e1 mediante una evaluaci\u00f3n exhaustiva realizada por un especialista en ortopedia.<\/p>\n\n\n\n<p>Explora art\u00edculos adicionales relevantes para <a href=\"https:\/\/drbadia.com\/es\/es\/ecuador\/\">nuestros pacientes en Ecuador<\/a>.<\/p>\n","protected":false},"excerpt":{"rendered":"<p>\u201cNo pod\u00eda cargar a mis hijos o incluso cepillarme los dientes\u00bb Cuenta nuestra paciente de Ecuador El dolor que sinti\u00f3 nuestra paciente interfer\u00eda con las actividades diarias. El procedimiento realizado fue una carpectomia de fila proximal. Esperamos poder compartir mas de su historia en el futuro. Que es una carpectom\u00eda proximal? La carpectom\u00eda de la&#8230; <a class=\"more-link\" href=\"https:\/\/drbadia.com\/es\/no-podia-cargar-a-mis-hijos-paciente-de-ecuador\/\">[Read More]<\/a><\/p>\n","protected":false},"author":3,"featured_media":2242,"comment_status":"closed","ping_status":"closed","sticky":false,"template":"","format":"standard","meta":{"_acf_changed":false,"_uag_custom_page_level_css":"","_genesis_hide_title":false,"_genesis_hide_breadcrumbs":false,"_genesis_hide_singular_image":false,"_genesis_hide_footer_widgets":false,"_genesis_custom_body_class":"","_genesis_custom_post_class":"","_genesis_layout":"","footnotes":""},"categories":[284,285,282],"tags":[291,292],"class_list":{"0":"post-1972","1":"post","2":"type-post","3":"status-publish","4":"format-standard","5":"has-post-thumbnail","7":"category-mano-testimonios","8":"category-muneca-testimonios","9":"category-testimonios","10":"tag-carpectomia","11":"tag-ecuador","12":"entry"},"acf":[],"yoast_head":"<!-- This site is optimized with the Yoast SEO Premium plugin v25.8 (Yoast SEO v26.8) - https:\/\/yoast.com\/product\/yoast-seo-premium-wordpress\/ -->\n<title>&quot;No pod\u00eda cargar a mis hijos&quot; paciente de Ecuador - Dr. Badia Espa\u00f1ol<\/title>\n<meta name=\"description\" content=\"El dolor que sinti\u00f3 nuestra paciente interfer\u00eda con las actividades diarias. El procedimiento realizado fue una carpectomia de fila proximal.\" \/>\n<meta name=\"robots\" content=\"index, follow, max-snippet:-1, max-image-preview:large, max-video-preview:-1\" \/>\n<link rel=\"canonical\" href=\"https:\/\/drbadia.com\/es\/no-podia-cargar-a-mis-hijos-paciente-de-ecuador\/\" \/>\n<meta property=\"og:locale\" content=\"es_ES\" \/>\n<meta property=\"og:type\" content=\"article\" \/>\n<meta property=\"og:title\" content=\"&quot;No pod\u00eda cargar a mis hijos&quot; paciente de Ecuador\" \/>\n<meta property=\"og:description\" content=\"El dolor que sinti\u00f3 nuestra paciente interfer\u00eda con las actividades diarias. El procedimiento realizado fue una carpectomia de fila proximal.\" \/>\n<meta property=\"og:url\" content=\"https:\/\/drbadia.com\/es\/no-podia-cargar-a-mis-hijos-paciente-de-ecuador\/\" \/>\n<meta property=\"og:site_name\" content=\"Dr. Badia Espa\u00f1ol\" \/>\n<meta property=\"article:published_time\" content=\"2023-07-27T23:08:31+00:00\" \/>\n<meta property=\"article:modified_time\" content=\"2025-11-11T21:24:01+00:00\" \/>\n<meta property=\"og:image\" content=\"https:\/\/drbadia.com\/es\/wp-content\/uploads\/sites\/2\/2023\/07\/Screenshot-2023-07-28-at-5.19.14-PM-1024x571.png\" \/>\n\t<meta property=\"og:image:width\" content=\"1024\" \/>\n\t<meta property=\"og:image:height\" content=\"571\" \/>\n\t<meta property=\"og:image:type\" content=\"image\/png\" \/>\n<meta name=\"author\" content=\"Maggy Tinsel\" \/>\n<meta name=\"twitter:card\" content=\"summary_large_image\" \/>\n<meta name=\"twitter:label1\" content=\"Escrito por\" \/>\n\t<meta name=\"twitter:data1\" content=\"Maggy Tinsel\" \/>\n\t<meta name=\"twitter:label2\" content=\"Tiempo de lectura\" \/>\n\t<meta name=\"twitter:data2\" content=\"2 minutos\" \/>\n<script type=\"application\/ld+json\" class=\"yoast-schema-graph\">{\"@context\":\"https:\/\/schema.org\",\"@graph\":[{\"@type\":\"Article\",\"@id\":\"https:\/\/drbadia.com\/es\/no-podia-cargar-a-mis-hijos-paciente-de-ecuador\/#article\",\"isPartOf\":{\"@id\":\"https:\/\/drbadia.com\/es\/no-podia-cargar-a-mis-hijos-paciente-de-ecuador\/\"},\"author\":{\"name\":\"Maggy Tinsel\",\"@id\":\"https:\/\/drbadia.com\/es\/#\/schema\/person\/ef3cca2395e36fb2f169f77554c3e025\"},\"headline\":\"\u00abNo pod\u00eda cargar a mis hijos\u00bb paciente de Ecuador\",\"datePublished\":\"2023-07-27T23:08:31+00:00\",\"dateModified\":\"2025-11-11T21:24:01+00:00\",\"mainEntityOfPage\":{\"@id\":\"https:\/\/drbadia.com\/es\/no-podia-cargar-a-mis-hijos-paciente-de-ecuador\/\"},\"wordCount\":259,\"publisher\":{\"@id\":\"https:\/\/drbadia.com\/es\/#organization\"},\"image\":{\"@id\":\"https:\/\/drbadia.com\/es\/no-podia-cargar-a-mis-hijos-paciente-de-ecuador\/#primaryimage\"},\"thumbnailUrl\":\"https:\/\/drbadia.com\/es\/wp-content\/uploads\/sites\/2\/2023\/07\/Screenshot-2023-07-28-at-5.19.14-PM.png\",\"keywords\":[\"carpectomia\",\"Ecuador\"],\"articleSection\":[\"Mano testimonios\",\"Mu\u00f1eca testimonios\",\"Testimonios\"],\"inLanguage\":\"es\"},{\"@type\":\"WebPage\",\"@id\":\"https:\/\/drbadia.com\/es\/no-podia-cargar-a-mis-hijos-paciente-de-ecuador\/\",\"url\":\"https:\/\/drbadia.com\/es\/no-podia-cargar-a-mis-hijos-paciente-de-ecuador\/\",\"name\":\"\\\"No pod\u00eda cargar a mis hijos\\\" paciente de Ecuador - Dr. Badia Espa\u00f1ol\",\"isPartOf\":{\"@id\":\"https:\/\/drbadia.com\/es\/#website\"},\"primaryImageOfPage\":{\"@id\":\"https:\/\/drbadia.com\/es\/no-podia-cargar-a-mis-hijos-paciente-de-ecuador\/#primaryimage\"},\"image\":{\"@id\":\"https:\/\/drbadia.com\/es\/no-podia-cargar-a-mis-hijos-paciente-de-ecuador\/#primaryimage\"},\"thumbnailUrl\":\"https:\/\/drbadia.com\/es\/wp-content\/uploads\/sites\/2\/2023\/07\/Screenshot-2023-07-28-at-5.19.14-PM.png\",\"datePublished\":\"2023-07-27T23:08:31+00:00\",\"dateModified\":\"2025-11-11T21:24:01+00:00\",\"description\":\"El dolor que sinti\u00f3 nuestra paciente interfer\u00eda con las actividades diarias. El procedimiento realizado fue una carpectomia de fila proximal.\",\"breadcrumb\":{\"@id\":\"https:\/\/drbadia.com\/es\/no-podia-cargar-a-mis-hijos-paciente-de-ecuador\/#breadcrumb\"},\"inLanguage\":\"es\",\"potentialAction\":[{\"@type\":\"ReadAction\",\"target\":[\"https:\/\/drbadia.com\/es\/no-podia-cargar-a-mis-hijos-paciente-de-ecuador\/\"]}]},{\"@type\":\"ImageObject\",\"inLanguage\":\"es\",\"@id\":\"https:\/\/drbadia.com\/es\/no-podia-cargar-a-mis-hijos-paciente-de-ecuador\/#primaryimage\",\"url\":\"https:\/\/drbadia.com\/es\/wp-content\/uploads\/sites\/2\/2023\/07\/Screenshot-2023-07-28-at-5.19.14-PM.png\",\"contentUrl\":\"https:\/\/drbadia.com\/es\/wp-content\/uploads\/sites\/2\/2023\/07\/Screenshot-2023-07-28-at-5.19.14-PM.png\",\"width\":3292,\"height\":1836,\"caption\":\"testimonio de mu\u00f1eca\"},{\"@type\":\"BreadcrumbList\",\"@id\":\"https:\/\/drbadia.com\/es\/no-podia-cargar-a-mis-hijos-paciente-de-ecuador\/#breadcrumb\",\"itemListElement\":[{\"@type\":\"ListItem\",\"position\":1,\"name\":\"Inicio\",\"item\":\"https:\/\/drbadia.com\/es\/\"},{\"@type\":\"ListItem\",\"position\":2,\"name\":\"Testimonios\",\"item\":\"https:\/\/drbadia.com\/es\/testimonios\/\"},{\"@type\":\"ListItem\",\"position\":3,\"name\":\"&#8220;No pod\u00eda cargar a mis hijos&#8221; paciente de Ecuador\"}]},{\"@type\":\"WebSite\",\"@id\":\"https:\/\/drbadia.com\/es\/#website\",\"url\":\"https:\/\/drbadia.com\/es\/\",\"name\":\"Dr. Badia Espa\u00f1ol\",\"description\":\"Cirujano ortop\u00e9dico de renombre internacional\",\"publisher\":{\"@id\":\"https:\/\/drbadia.com\/es\/#organization\"},\"potentialAction\":[{\"@type\":\"SearchAction\",\"target\":{\"@type\":\"EntryPoint\",\"urlTemplate\":\"https:\/\/drbadia.com\/es\/?s={search_term_string}\"},\"query-input\":{\"@type\":\"PropertyValueSpecification\",\"valueRequired\":true,\"valueName\":\"search_term_string\"}}],\"inLanguage\":\"es\"},{\"@type\":\"Organization\",\"@id\":\"https:\/\/drbadia.com\/es\/#organization\",\"name\":\"Dr. Badia Espa\u00f1ol\",\"url\":\"https:\/\/drbadia.com\/es\/\",\"logo\":{\"@type\":\"ImageObject\",\"inLanguage\":\"es\",\"@id\":\"https:\/\/drbadia.com\/es\/#\/schema\/logo\/image\/\",\"url\":\"https:\/\/drbadia.com\/es\/wp-content\/uploads\/sites\/2\/2023\/06\/logo-without-background.webp\",\"contentUrl\":\"https:\/\/drbadia.com\/es\/wp-content\/uploads\/sites\/2\/2023\/06\/logo-without-background.webp\",\"width\":199,\"height\":125,\"caption\":\"Dr. Badia Espa\u00f1ol\"},\"image\":{\"@id\":\"https:\/\/drbadia.com\/es\/#\/schema\/logo\/image\/\"}},{\"@type\":\"Person\",\"@id\":\"https:\/\/drbadia.com\/es\/#\/schema\/person\/ef3cca2395e36fb2f169f77554c3e025\",\"name\":\"Maggy Tinsel\",\"url\":\"https:\/\/drbadia.com\/es\/author\/mtinsel\/\"}]}<\/script>\n<!-- \/ Yoast SEO Premium plugin. -->","yoast_head_json":{"title":"\"No pod\u00eda cargar a mis hijos\" paciente de Ecuador - Dr. Badia Espa\u00f1ol","description":"El dolor que sinti\u00f3 nuestra paciente interfer\u00eda con las actividades diarias. El procedimiento realizado fue una carpectomia de fila proximal.","robots":{"index":"index","follow":"follow","max-snippet":"max-snippet:-1","max-image-preview":"max-image-preview:large","max-video-preview":"max-video-preview:-1"},"canonical":"https:\/\/drbadia.com\/es\/no-podia-cargar-a-mis-hijos-paciente-de-ecuador\/","og_locale":"es_ES","og_type":"article","og_title":"\"No pod\u00eda cargar a mis hijos\" paciente de Ecuador","og_description":"El dolor que sinti\u00f3 nuestra paciente interfer\u00eda con las actividades diarias. El procedimiento realizado fue una carpectomia de fila proximal.","og_url":"https:\/\/drbadia.com\/es\/no-podia-cargar-a-mis-hijos-paciente-de-ecuador\/","og_site_name":"Dr. Badia Espa\u00f1ol","article_published_time":"2023-07-27T23:08:31+00:00","article_modified_time":"2025-11-11T21:24:01+00:00","og_image":[{"width":1024,"height":571,"url":"https:\/\/drbadia.com\/es\/wp-content\/uploads\/sites\/2\/2023\/07\/Screenshot-2023-07-28-at-5.19.14-PM-1024x571.png","type":"image\/png"}],"author":"Maggy Tinsel","twitter_card":"summary_large_image","twitter_misc":{"Escrito por":"Maggy Tinsel","Tiempo de lectura":"2 minutos"},"schema":{"@context":"https:\/\/schema.org","@graph":[{"@type":"Article","@id":"https:\/\/drbadia.com\/es\/no-podia-cargar-a-mis-hijos-paciente-de-ecuador\/#article","isPartOf":{"@id":"https:\/\/drbadia.com\/es\/no-podia-cargar-a-mis-hijos-paciente-de-ecuador\/"},"author":{"name":"Maggy Tinsel","@id":"https:\/\/drbadia.com\/es\/#\/schema\/person\/ef3cca2395e36fb2f169f77554c3e025"},"headline":"\u00abNo pod\u00eda cargar a mis hijos\u00bb paciente de Ecuador","datePublished":"2023-07-27T23:08:31+00:00","dateModified":"2025-11-11T21:24:01+00:00","mainEntityOfPage":{"@id":"https:\/\/drbadia.com\/es\/no-podia-cargar-a-mis-hijos-paciente-de-ecuador\/"},"wordCount":259,"publisher":{"@id":"https:\/\/drbadia.com\/es\/#organization"},"image":{"@id":"https:\/\/drbadia.com\/es\/no-podia-cargar-a-mis-hijos-paciente-de-ecuador\/#primaryimage"},"thumbnailUrl":"https:\/\/drbadia.com\/es\/wp-content\/uploads\/sites\/2\/2023\/07\/Screenshot-2023-07-28-at-5.19.14-PM.png","keywords":["carpectomia","Ecuador"],"articleSection":["Mano testimonios","Mu\u00f1eca testimonios","Testimonios"],"inLanguage":"es"},{"@type":"WebPage","@id":"https:\/\/drbadia.com\/es\/no-podia-cargar-a-mis-hijos-paciente-de-ecuador\/","url":"https:\/\/drbadia.com\/es\/no-podia-cargar-a-mis-hijos-paciente-de-ecuador\/","name":"\"No pod\u00eda cargar a mis hijos\" paciente de Ecuador - Dr. Badia Espa\u00f1ol","isPartOf":{"@id":"https:\/\/drbadia.com\/es\/#website"},"primaryImageOfPage":{"@id":"https:\/\/drbadia.com\/es\/no-podia-cargar-a-mis-hijos-paciente-de-ecuador\/#primaryimage"},"image":{"@id":"https:\/\/drbadia.com\/es\/no-podia-cargar-a-mis-hijos-paciente-de-ecuador\/#primaryimage"},"thumbnailUrl":"https:\/\/drbadia.com\/es\/wp-content\/uploads\/sites\/2\/2023\/07\/Screenshot-2023-07-28-at-5.19.14-PM.png","datePublished":"2023-07-27T23:08:31+00:00","dateModified":"2025-11-11T21:24:01+00:00","description":"El dolor que sinti\u00f3 nuestra paciente interfer\u00eda con las actividades diarias. El procedimiento realizado fue una carpectomia de fila proximal.","breadcrumb":{"@id":"https:\/\/drbadia.com\/es\/no-podia-cargar-a-mis-hijos-paciente-de-ecuador\/#breadcrumb"},"inLanguage":"es","potentialAction":[{"@type":"ReadAction","target":["https:\/\/drbadia.com\/es\/no-podia-cargar-a-mis-hijos-paciente-de-ecuador\/"]}]},{"@type":"ImageObject","inLanguage":"es","@id":"https:\/\/drbadia.com\/es\/no-podia-cargar-a-mis-hijos-paciente-de-ecuador\/#primaryimage","url":"https:\/\/drbadia.com\/es\/wp-content\/uploads\/sites\/2\/2023\/07\/Screenshot-2023-07-28-at-5.19.14-PM.png","contentUrl":"https:\/\/drbadia.com\/es\/wp-content\/uploads\/sites\/2\/2023\/07\/Screenshot-2023-07-28-at-5.19.14-PM.png","width":3292,"height":1836,"caption":"testimonio de mu\u00f1eca"},{"@type":"BreadcrumbList","@id":"https:\/\/drbadia.com\/es\/no-podia-cargar-a-mis-hijos-paciente-de-ecuador\/#breadcrumb","itemListElement":[{"@type":"ListItem","position":1,"name":"Inicio","item":"https:\/\/drbadia.com\/es\/"},{"@type":"ListItem","position":2,"name":"Testimonios","item":"https:\/\/drbadia.com\/es\/testimonios\/"},{"@type":"ListItem","position":3,"name":"&#8220;No pod\u00eda cargar a mis hijos&#8221; paciente de Ecuador"}]},{"@type":"WebSite","@id":"https:\/\/drbadia.com\/es\/#website","url":"https:\/\/drbadia.com\/es\/","name":"Dr. Badia Espa\u00f1ol","description":"Cirujano ortop\u00e9dico de renombre internacional","publisher":{"@id":"https:\/\/drbadia.com\/es\/#organization"},"potentialAction":[{"@type":"SearchAction","target":{"@type":"EntryPoint","urlTemplate":"https:\/\/drbadia.com\/es\/?s={search_term_string}"},"query-input":{"@type":"PropertyValueSpecification","valueRequired":true,"valueName":"search_term_string"}}],"inLanguage":"es"},{"@type":"Organization","@id":"https:\/\/drbadia.com\/es\/#organization","name":"Dr. Badia Espa\u00f1ol","url":"https:\/\/drbadia.com\/es\/","logo":{"@type":"ImageObject","inLanguage":"es","@id":"https:\/\/drbadia.com\/es\/#\/schema\/logo\/image\/","url":"https:\/\/drbadia.com\/es\/wp-content\/uploads\/sites\/2\/2023\/06\/logo-without-background.webp","contentUrl":"https:\/\/drbadia.com\/es\/wp-content\/uploads\/sites\/2\/2023\/06\/logo-without-background.webp","width":199,"height":125,"caption":"Dr. Badia Espa\u00f1ol"},"image":{"@id":"https:\/\/drbadia.com\/es\/#\/schema\/logo\/image\/"}},{"@type":"Person","@id":"https:\/\/drbadia.com\/es\/#\/schema\/person\/ef3cca2395e36fb2f169f77554c3e025","name":"Maggy Tinsel","url":"https:\/\/drbadia.com\/es\/author\/mtinsel\/"}]}},"uagb_featured_image_src":{"full":["https:\/\/drbadia.com\/es\/wp-content\/uploads\/sites\/2\/2023\/07\/Screenshot-2023-07-28-at-5.19.14-PM.png",3292,1836,false],"thumbnail":["https:\/\/drbadia.com\/es\/wp-content\/uploads\/sites\/2\/2023\/07\/Screenshot-2023-07-28-at-5.19.14-PM-150x150.png",150,150,true],"medium":["https:\/\/drbadia.com\/es\/wp-content\/uploads\/sites\/2\/2023\/07\/Screenshot-2023-07-28-at-5.19.14-PM-300x167.png",300,167,true],"medium_large":["https:\/\/drbadia.com\/es\/wp-content\/uploads\/sites\/2\/2023\/07\/Screenshot-2023-07-28-at-5.19.14-PM-768x428.png",768,428,true],"large":["https:\/\/drbadia.com\/es\/wp-content\/uploads\/sites\/2\/2023\/07\/Screenshot-2023-07-28-at-5.19.14-PM-1024x571.png",1024,571,true],"1536x1536":["https:\/\/drbadia.com\/es\/wp-content\/uploads\/sites\/2\/2023\/07\/Screenshot-2023-07-28-at-5.19.14-PM-1536x857.png",1536,857,true],"2048x2048":["https:\/\/drbadia.com\/es\/wp-content\/uploads\/sites\/2\/2023\/07\/Screenshot-2023-07-28-at-5.19.14-PM-2048x1142.png",2048,1142,true],"gform-image-choice-sm":["https:\/\/drbadia.com\/es\/wp-content\/uploads\/sites\/2\/2023\/07\/Screenshot-2023-07-28-at-5.19.14-PM.png",300,167,false],"gform-image-choice-md":["https:\/\/drbadia.com\/es\/wp-content\/uploads\/sites\/2\/2023\/07\/Screenshot-2023-07-28-at-5.19.14-PM.png",400,223,false],"gform-image-choice-lg":["https:\/\/drbadia.com\/es\/wp-content\/uploads\/sites\/2\/2023\/07\/Screenshot-2023-07-28-at-5.19.14-PM.png",600,335,false]},"uagb_author_info":{"display_name":"Maggy Tinsel","author_link":"https:\/\/drbadia.com\/es\/author\/mtinsel\/"},"uagb_comment_info":0,"uagb_excerpt":"\u201cNo pod\u00eda cargar a mis hijos o incluso cepillarme los dientes\u00bb Cuenta nuestra paciente de Ecuador El dolor que sinti\u00f3 nuestra paciente interfer\u00eda con las actividades diarias. El procedimiento realizado fue una carpectomia de fila proximal. Esperamos poder compartir mas de su historia en el futuro. Que es una carpectom\u00eda proximal? La carpectom\u00eda de la...&hellip;","_links":{"self":[{"href":"https:\/\/drbadia.com\/es\/wp-json\/wp\/v2\/posts\/1972","targetHints":{"allow":["GET"]}}],"collection":[{"href":"https:\/\/drbadia.com\/es\/wp-json\/wp\/v2\/posts"}],"about":[{"href":"https:\/\/drbadia.com\/es\/wp-json\/wp\/v2\/types\/post"}],"author":[{"embeddable":true,"href":"https:\/\/drbadia.com\/es\/wp-json\/wp\/v2\/users\/3"}],"replies":[{"embeddable":true,"href":"https:\/\/drbadia.com\/es\/wp-json\/wp\/v2\/comments?post=1972"}],"version-history":[{"count":0,"href":"https:\/\/drbadia.com\/es\/wp-json\/wp\/v2\/posts\/1972\/revisions"}],"wp:featuredmedia":[{"embeddable":true,"href":"https:\/\/drbadia.com\/es\/wp-json\/wp\/v2\/media\/2242"}],"wp:attachment":[{"href":"https:\/\/drbadia.com\/es\/wp-json\/wp\/v2\/media?parent=1972"}],"wp:term":[{"taxonomy":"category","embeddable":true,"href":"https:\/\/drbadia.com\/es\/wp-json\/wp\/v2\/categories?post=1972"},{"taxonomy":"post_tag","embeddable":true,"href":"https:\/\/drbadia.com\/es\/wp-json\/wp\/v2\/tags?post=1972"}],"curies":[{"name":"wp","href":"https:\/\/api.w.org\/{rel}","templated":true}]}}