{"id":23340,"date":"2026-01-26T15:22:00","date_gmt":"2026-01-26T20:22:00","guid":{"rendered":"https:\/\/drbadia.com\/es\/?p=23340"},"modified":"2026-02-19T11:59:32","modified_gmt":"2026-02-19T16:59:32","slug":"rosas-sera-operado-de-la-muneca-en-usa","status":"publish","type":"post","link":"https:\/\/drbadia.com\/es\/rosas-sera-operado-de-la-muneca-en-usa\/","title":{"rendered":"Rosas ser\u00e1 operado de la mu\u00f1eca en USA"},"content":{"rendered":"<div class=\"wp-block-image\">\n<figure class=\"alignright size-full\"><img loading=\"lazy\" decoding=\"async\" width=\"768\" height=\"512\" src=\"https:\/\/drbadia.com\/es\/wp-content\/uploads\/sites\/2\/2026\/01\/rosas-to-undergo-wrist-surgery-in-the-usa-img-1.jpg\" alt=\"\" class=\"wp-image-23532\" srcset=\"https:\/\/drbadia.com\/es\/wp-content\/uploads\/sites\/2\/2026\/01\/rosas-to-undergo-wrist-surgery-in-the-usa-img-1.jpg 768w, https:\/\/drbadia.com\/es\/wp-content\/uploads\/sites\/2\/2026\/01\/rosas-to-undergo-wrist-surgery-in-the-usa-img-1-300x200.jpg 300w\" sizes=\"auto, (max-width: 768px) 100vw, 768px\" \/><\/figure><\/div>\n\n\n<p>El padre del juvenil tenista nacional <strong>Juan Jos\u00e9 Rosas<\/strong>, ausente de toda competencia desde el <strong>2016<\/strong> explic\u00f3 hoy el motivo de su inactividad a la fecha y comunica que ser\u00e1 sometido a una intervenci\u00f3n quir\u00fargica en USA<sup><\/sup>.<\/p>\n\n\n\n<p>A continuaci\u00f3n reproducimos lo publicado en su p\u00e1gina oficial de Facebook del jugador peruano:<\/p>\n\n\n\n<blockquote class=\"wp-block-quote is-layout-flow wp-block-quote-is-layout-flow\">\n<p>\u00abEn relaci\u00f3n a las preguntas e inquietudes de diferentes familiares y personas amigas y relacionadas al tenis, les indicamos que Juanjo no ha jugado torneos todo este a\u00f1o 2016, debido a que ven\u00eda arrastrando desde hace unos a\u00f1os, una lesi\u00f3n intermitente en la mu\u00f1eca derecha, lo que no lo dejaba entrenar ni jugar torneos al 100%<sup><\/sup>.<\/p>\n<\/blockquote>\n\n\n\n<p>A pesar de los tratamientos y terapias a la que fue sometido, no hubo una mejora sustancial y cada cierto tiempo se le inflamaba la mu\u00f1eca<sup><\/sup>. En el mes de agosto, se increment\u00f3 el dolor y tuvo una serie de citas con los mejores doctores de mu\u00f1ecas de Lima<sup><\/sup>. De igual manera, se hicieron consultas a especialistas extranjeros, con experiencia en deportistas de Alta Competencia, sobre todo tenistas<sup><\/sup>. Hubo diferentes opiniones al respecto, desde continuar un tratamiento no invasivo, para luego ser evaluado dentro de 5 meses y otras opiniones de que deber\u00eda de ser intervenido quir\u00fargicamente<sup><\/sup>.<\/p>\n\n\n\n<h2 class=\"wp-block-heading\" id=\"h-el-especialista-elegido\">El especialista elegido<\/h2>\n\n\n\n<p>El reconocido traumat\u00f3logo <strong>Ra\u00fal Vega<\/strong> nos recomend\u00f3 que le remiti\u00e9ramos toda la informaci\u00f3n al <strong>doctor Alejandro Bad\u00eda<\/strong>, considerado entre los mejores especialistas en mu\u00f1ecas y codos de deportistas en el mundo, con una vasta experiencia con tenistas<sup><\/sup>.<\/p>\n\n\n\n<p>Posteriormente hicimos una teleconferencia, con lo cual se determin\u00f3 que Juanjo viaje el d\u00eda <strong>mi\u00e9rcoles 05 de octubre<\/strong>, para ser intervenido quir\u00fargicamente (Artroscopia) el d\u00eda <strong>jueves 06<\/strong> en el <strong>Badia Hand to Shoulder Center<\/strong> en la ciudad de Miami<sup><\/sup>.<\/p>\n\n\n\n<h3 class=\"wp-block-heading\" id=\"h-recuperacion-y-metas-para-el-2017\">Recuperaci\u00f3n y metas para el 2017<\/h3>\n\n\n\n<p>El d\u00eda lunes 10 ser\u00e1 nuevamente evaluado por el doctor Badia y posiblemente sea enyesado para inmovilizar la mu\u00f1eca y posteriormente recibir el tratamiento de rehabilitaci\u00f3n adecuado a seguir en Lima<sup><\/sup>.<\/p>\n\n\n\n<p>El objetivo es poder competir lo antes posible y estar al 100% para tentar ser llamado para integrar el equipo que represente al Per\u00fa en la serie de la <strong>Copa Davis contra Ecuador en el 2017<\/strong>\u00ab<sup><\/sup>.<\/p>\n\n\n\n<p>Muchas gracias por la preocupaci\u00f3n mostrada. Los mantendremos al tanto de todo el proceso<sup><\/sup>.<\/p>\n\n\n\n<p><strong>\u00a1Fuerza Juanjo!<\/strong><\/p>\n\n\n\n<p><strong>Foto:<\/strong> JJR Prensa <\/p>\n\n\n\n<p><strong>Link:<\/strong> <a href=\"https:\/\/www.drbadia.com\/es\/\" target=\"_blank\" rel=\"noreferrer noopener\">www.drbadia.com\/es\/<\/a><\/p>\n\n\n\n<div data-wp-interactive=\"core\/file\" class=\"wp-block-file\"><object data-wp-bind--hidden=\"!state.hasPdfPreview\" hidden class=\"wp-block-file__embed\" data=\"https:\/\/drbadia.com\/es\/wp-content\/uploads\/sites\/2\/2026\/01\/Tenis-al-Maximo_-ROSAS-Peru-SERA-OPERADO-DE-LA-MUNECA-EN-USA-Badia.pdf\" type=\"application\/pdf\" style=\"width:100%;height:760px\" aria-label=\"Incrustado de Tenis al M\u00e1ximo_ ROSAS Peru SER\u00c1 OPERADO DE LA MU\u00d1ECA EN USA Badia.\"><\/object><a id=\"wp-block-file--media-08f3692e-9783-4c37-b1e2-4db6a0d3ced5\" href=\"https:\/\/drbadia.com\/es\/wp-content\/uploads\/sites\/2\/2026\/01\/Tenis-al-Maximo_-ROSAS-Peru-SERA-OPERADO-DE-LA-MUNECA-EN-USA-Badia.pdf\">Tenis al M\u00e1ximo_ ROSAS Peru SER\u00c1 OPERADO DE LA MU\u00d1ECA EN USA Badia<\/a><\/div>\n","protected":false},"excerpt":{"rendered":"<p>Juan Jos\u00e9 Rosas, el tenista peruano, ser\u00e1 operado de la mu\u00f1eca en Estados Unidos tras a\u00f1os de lesiones, con la esperanza de regresar a la competencia y representar a Per\u00fa en la Copa Davis en 2017.<\/p>\n","protected":false},"author":14,"featured_media":23532,"comment_status":"closed","ping_status":"closed","sticky":false,"template":"","format":"standard","meta":{"_acf_changed":false,"_uag_custom_page_level_css":"","_genesis_hide_title":false,"_genesis_hide_breadcrumbs":false,"_genesis_hide_singular_image":false,"_genesis_hide_footer_widgets":false,"_genesis_custom_body_class":"","_genesis_custom_post_class":"","_genesis_layout":"","footnotes":""},"categories":[332,7,509],"tags":[318],"class_list":{"0":"post-23340","1":"post","2":"type-post","3":"status-publish","4":"format-standard","5":"has-post-thumbnail","7":"category-articulos-para-pacientes","8":"category-blog","9":"category-muneca","10":"tag-fractura-la-muneca","11":"entry"},"acf":[],"yoast_head":"<!-- This site is optimized with the Yoast SEO Premium plugin v25.8 (Yoast SEO v26.8) - https:\/\/yoast.com\/product\/yoast-seo-premium-wordpress\/ -->\n<title>Rosas ser\u00e1 operado de la mu\u00f1eca en USA - Dr. Badia Espa\u00f1ol<\/title>\n<meta name=\"description\" content=\"El padre del juvenil tenista nacional Juan Jos\u00e9 Rosas, ausente de toda competencia desde el 2016 explic\u00f3 hoy el motivo...\" \/>\n<meta name=\"robots\" content=\"index, follow, max-snippet:-1, max-image-preview:large, max-video-preview:-1\" \/>\n<link rel=\"canonical\" href=\"https:\/\/drbadia.com\/es\/rosas-sera-operado-de-la-muneca-en-usa\/\" \/>\n<meta property=\"og:locale\" content=\"es_ES\" \/>\n<meta property=\"og:type\" content=\"article\" \/>\n<meta property=\"og:title\" content=\"Rosas ser\u00e1 operado de la mu\u00f1eca en USA\" \/>\n<meta property=\"og:description\" content=\"El padre del juvenil tenista nacional Juan Jos\u00e9 Rosas, ausente de toda competencia desde el 2016 explic\u00f3 hoy el motivo...\" \/>\n<meta property=\"og:url\" content=\"https:\/\/drbadia.com\/es\/rosas-sera-operado-de-la-muneca-en-usa\/\" \/>\n<meta property=\"og:site_name\" content=\"Dr. Badia Espa\u00f1ol\" \/>\n<meta property=\"article:published_time\" content=\"2026-01-26T20:22:00+00:00\" \/>\n<meta property=\"article:modified_time\" content=\"2026-02-19T16:59:32+00:00\" \/>\n<meta property=\"og:image\" content=\"https:\/\/drbadia.com\/es\/wp-content\/uploads\/sites\/2\/2026\/01\/rosas-to-undergo-wrist-surgery-in-the-usa-img-1.jpg\" \/>\n\t<meta property=\"og:image:width\" content=\"768\" \/>\n\t<meta property=\"og:image:height\" content=\"512\" \/>\n\t<meta property=\"og:image:type\" content=\"image\/jpeg\" \/>\n<meta name=\"author\" content=\"Sebastian Aroca\" \/>\n<meta name=\"twitter:card\" content=\"summary_large_image\" \/>\n<meta name=\"twitter:label1\" content=\"Escrito por\" \/>\n\t<meta name=\"twitter:data1\" content=\"Sebastian Aroca\" \/>\n\t<meta name=\"twitter:label2\" content=\"Tiempo de lectura\" \/>\n\t<meta name=\"twitter:data2\" content=\"2 minutos\" \/>\n<script type=\"application\/ld+json\" class=\"yoast-schema-graph\">{\"@context\":\"https:\/\/schema.org\",\"@graph\":[{\"@type\":\"Article\",\"@id\":\"https:\/\/drbadia.com\/es\/rosas-sera-operado-de-la-muneca-en-usa\/#article\",\"isPartOf\":{\"@id\":\"https:\/\/drbadia.com\/es\/rosas-sera-operado-de-la-muneca-en-usa\/\"},\"author\":{\"name\":\"Sebastian Aroca\",\"@id\":\"https:\/\/drbadia.com\/es\/#\/schema\/person\/186591066455b6299abe863288d90577\"},\"headline\":\"Rosas ser\u00e1 operado de la mu\u00f1eca en USA\",\"datePublished\":\"2026-01-26T20:22:00+00:00\",\"dateModified\":\"2026-02-19T16:59:32+00:00\",\"mainEntityOfPage\":{\"@id\":\"https:\/\/drbadia.com\/es\/rosas-sera-operado-de-la-muneca-en-usa\/\"},\"wordCount\":423,\"publisher\":{\"@id\":\"https:\/\/drbadia.com\/es\/#organization\"},\"image\":{\"@id\":\"https:\/\/drbadia.com\/es\/rosas-sera-operado-de-la-muneca-en-usa\/#primaryimage\"},\"thumbnailUrl\":\"https:\/\/drbadia.com\/es\/wp-content\/uploads\/sites\/2\/2026\/01\/rosas-to-undergo-wrist-surgery-in-the-usa-img-1.jpg\",\"keywords\":[\"fractura la mu\u00f1eca\"],\"articleSection\":[\"Art\u00edculos para Pacientes\",\"Blog\",\"Mu\u00f1eca\"],\"inLanguage\":\"es\"},{\"@type\":\"WebPage\",\"@id\":\"https:\/\/drbadia.com\/es\/rosas-sera-operado-de-la-muneca-en-usa\/\",\"url\":\"https:\/\/drbadia.com\/es\/rosas-sera-operado-de-la-muneca-en-usa\/\",\"name\":\"Rosas ser\u00e1 operado de la mu\u00f1eca en USA - Dr. Badia Espa\u00f1ol\",\"isPartOf\":{\"@id\":\"https:\/\/drbadia.com\/es\/#website\"},\"primaryImageOfPage\":{\"@id\":\"https:\/\/drbadia.com\/es\/rosas-sera-operado-de-la-muneca-en-usa\/#primaryimage\"},\"image\":{\"@id\":\"https:\/\/drbadia.com\/es\/rosas-sera-operado-de-la-muneca-en-usa\/#primaryimage\"},\"thumbnailUrl\":\"https:\/\/drbadia.com\/es\/wp-content\/uploads\/sites\/2\/2026\/01\/rosas-to-undergo-wrist-surgery-in-the-usa-img-1.jpg\",\"datePublished\":\"2026-01-26T20:22:00+00:00\",\"dateModified\":\"2026-02-19T16:59:32+00:00\",\"description\":\"El padre del juvenil tenista nacional Juan Jos\u00e9 Rosas, ausente de toda competencia desde el 2016 explic\u00f3 hoy el motivo...\",\"breadcrumb\":{\"@id\":\"https:\/\/drbadia.com\/es\/rosas-sera-operado-de-la-muneca-en-usa\/#breadcrumb\"},\"inLanguage\":\"es\",\"potentialAction\":[{\"@type\":\"ReadAction\",\"target\":[\"https:\/\/drbadia.com\/es\/rosas-sera-operado-de-la-muneca-en-usa\/\"]}]},{\"@type\":\"ImageObject\",\"inLanguage\":\"es\",\"@id\":\"https:\/\/drbadia.com\/es\/rosas-sera-operado-de-la-muneca-en-usa\/#primaryimage\",\"url\":\"https:\/\/drbadia.com\/es\/wp-content\/uploads\/sites\/2\/2026\/01\/rosas-to-undergo-wrist-surgery-in-the-usa-img-1.jpg\",\"contentUrl\":\"https:\/\/drbadia.com\/es\/wp-content\/uploads\/sites\/2\/2026\/01\/rosas-to-undergo-wrist-surgery-in-the-usa-img-1.jpg\",\"width\":768,\"height\":512},{\"@type\":\"BreadcrumbList\",\"@id\":\"https:\/\/drbadia.com\/es\/rosas-sera-operado-de-la-muneca-en-usa\/#breadcrumb\",\"itemListElement\":[{\"@type\":\"ListItem\",\"position\":1,\"name\":\"Inicio\",\"item\":\"https:\/\/drbadia.com\/es\/\"},{\"@type\":\"ListItem\",\"position\":2,\"name\":\"Art\u00edculos para Pacientes\",\"item\":\"https:\/\/drbadia.com\/es\/articulos-para-pacientes\/\"},{\"@type\":\"ListItem\",\"position\":3,\"name\":\"Rosas ser\u00e1 operado de la mu\u00f1eca en USA\"}]},{\"@type\":\"WebSite\",\"@id\":\"https:\/\/drbadia.com\/es\/#website\",\"url\":\"https:\/\/drbadia.com\/es\/\",\"name\":\"Dr. Badia Espa\u00f1ol\",\"description\":\"Cirujano ortop\u00e9dico de renombre internacional\",\"publisher\":{\"@id\":\"https:\/\/drbadia.com\/es\/#organization\"},\"potentialAction\":[{\"@type\":\"SearchAction\",\"target\":{\"@type\":\"EntryPoint\",\"urlTemplate\":\"https:\/\/drbadia.com\/es\/?s={search_term_string}\"},\"query-input\":{\"@type\":\"PropertyValueSpecification\",\"valueRequired\":true,\"valueName\":\"search_term_string\"}}],\"inLanguage\":\"es\"},{\"@type\":\"Organization\",\"@id\":\"https:\/\/drbadia.com\/es\/#organization\",\"name\":\"Dr. Badia Espa\u00f1ol\",\"url\":\"https:\/\/drbadia.com\/es\/\",\"logo\":{\"@type\":\"ImageObject\",\"inLanguage\":\"es\",\"@id\":\"https:\/\/drbadia.com\/es\/#\/schema\/logo\/image\/\",\"url\":\"https:\/\/drbadia.com\/es\/wp-content\/uploads\/sites\/2\/2023\/06\/logo-without-background.webp\",\"contentUrl\":\"https:\/\/drbadia.com\/es\/wp-content\/uploads\/sites\/2\/2023\/06\/logo-without-background.webp\",\"width\":199,\"height\":125,\"caption\":\"Dr. Badia Espa\u00f1ol\"},\"image\":{\"@id\":\"https:\/\/drbadia.com\/es\/#\/schema\/logo\/image\/\"}},{\"@type\":\"Person\",\"@id\":\"https:\/\/drbadia.com\/es\/#\/schema\/person\/186591066455b6299abe863288d90577\",\"name\":\"Sebastian Aroca\",\"url\":\"https:\/\/drbadia.com\/es\/author\/supporthispanicmarketadvisors-com\/\"}]}<\/script>\n<!-- \/ Yoast SEO Premium plugin. -->","yoast_head_json":{"title":"Rosas ser\u00e1 operado de la mu\u00f1eca en USA - Dr. Badia Espa\u00f1ol","description":"El padre del juvenil tenista nacional Juan Jos\u00e9 Rosas, ausente de toda competencia desde el 2016 explic\u00f3 hoy el motivo...","robots":{"index":"index","follow":"follow","max-snippet":"max-snippet:-1","max-image-preview":"max-image-preview:large","max-video-preview":"max-video-preview:-1"},"canonical":"https:\/\/drbadia.com\/es\/rosas-sera-operado-de-la-muneca-en-usa\/","og_locale":"es_ES","og_type":"article","og_title":"Rosas ser\u00e1 operado de la mu\u00f1eca en USA","og_description":"El padre del juvenil tenista nacional Juan Jos\u00e9 Rosas, ausente de toda competencia desde el 2016 explic\u00f3 hoy el motivo...","og_url":"https:\/\/drbadia.com\/es\/rosas-sera-operado-de-la-muneca-en-usa\/","og_site_name":"Dr. Badia Espa\u00f1ol","article_published_time":"2026-01-26T20:22:00+00:00","article_modified_time":"2026-02-19T16:59:32+00:00","og_image":[{"width":768,"height":512,"url":"https:\/\/drbadia.com\/es\/wp-content\/uploads\/sites\/2\/2026\/01\/rosas-to-undergo-wrist-surgery-in-the-usa-img-1.jpg","type":"image\/jpeg"}],"author":"Sebastian Aroca","twitter_card":"summary_large_image","twitter_misc":{"Escrito por":"Sebastian Aroca","Tiempo de lectura":"2 minutos"},"schema":{"@context":"https:\/\/schema.org","@graph":[{"@type":"Article","@id":"https:\/\/drbadia.com\/es\/rosas-sera-operado-de-la-muneca-en-usa\/#article","isPartOf":{"@id":"https:\/\/drbadia.com\/es\/rosas-sera-operado-de-la-muneca-en-usa\/"},"author":{"name":"Sebastian Aroca","@id":"https:\/\/drbadia.com\/es\/#\/schema\/person\/186591066455b6299abe863288d90577"},"headline":"Rosas ser\u00e1 operado de la mu\u00f1eca en USA","datePublished":"2026-01-26T20:22:00+00:00","dateModified":"2026-02-19T16:59:32+00:00","mainEntityOfPage":{"@id":"https:\/\/drbadia.com\/es\/rosas-sera-operado-de-la-muneca-en-usa\/"},"wordCount":423,"publisher":{"@id":"https:\/\/drbadia.com\/es\/#organization"},"image":{"@id":"https:\/\/drbadia.com\/es\/rosas-sera-operado-de-la-muneca-en-usa\/#primaryimage"},"thumbnailUrl":"https:\/\/drbadia.com\/es\/wp-content\/uploads\/sites\/2\/2026\/01\/rosas-to-undergo-wrist-surgery-in-the-usa-img-1.jpg","keywords":["fractura la mu\u00f1eca"],"articleSection":["Art\u00edculos para Pacientes","Blog","Mu\u00f1eca"],"inLanguage":"es"},{"@type":"WebPage","@id":"https:\/\/drbadia.com\/es\/rosas-sera-operado-de-la-muneca-en-usa\/","url":"https:\/\/drbadia.com\/es\/rosas-sera-operado-de-la-muneca-en-usa\/","name":"Rosas ser\u00e1 operado de la mu\u00f1eca en USA - Dr. Badia Espa\u00f1ol","isPartOf":{"@id":"https:\/\/drbadia.com\/es\/#website"},"primaryImageOfPage":{"@id":"https:\/\/drbadia.com\/es\/rosas-sera-operado-de-la-muneca-en-usa\/#primaryimage"},"image":{"@id":"https:\/\/drbadia.com\/es\/rosas-sera-operado-de-la-muneca-en-usa\/#primaryimage"},"thumbnailUrl":"https:\/\/drbadia.com\/es\/wp-content\/uploads\/sites\/2\/2026\/01\/rosas-to-undergo-wrist-surgery-in-the-usa-img-1.jpg","datePublished":"2026-01-26T20:22:00+00:00","dateModified":"2026-02-19T16:59:32+00:00","description":"El padre del juvenil tenista nacional Juan Jos\u00e9 Rosas, ausente de toda competencia desde el 2016 explic\u00f3 hoy el motivo...","breadcrumb":{"@id":"https:\/\/drbadia.com\/es\/rosas-sera-operado-de-la-muneca-en-usa\/#breadcrumb"},"inLanguage":"es","potentialAction":[{"@type":"ReadAction","target":["https:\/\/drbadia.com\/es\/rosas-sera-operado-de-la-muneca-en-usa\/"]}]},{"@type":"ImageObject","inLanguage":"es","@id":"https:\/\/drbadia.com\/es\/rosas-sera-operado-de-la-muneca-en-usa\/#primaryimage","url":"https:\/\/drbadia.com\/es\/wp-content\/uploads\/sites\/2\/2026\/01\/rosas-to-undergo-wrist-surgery-in-the-usa-img-1.jpg","contentUrl":"https:\/\/drbadia.com\/es\/wp-content\/uploads\/sites\/2\/2026\/01\/rosas-to-undergo-wrist-surgery-in-the-usa-img-1.jpg","width":768,"height":512},{"@type":"BreadcrumbList","@id":"https:\/\/drbadia.com\/es\/rosas-sera-operado-de-la-muneca-en-usa\/#breadcrumb","itemListElement":[{"@type":"ListItem","position":1,"name":"Inicio","item":"https:\/\/drbadia.com\/es\/"},{"@type":"ListItem","position":2,"name":"Art\u00edculos para Pacientes","item":"https:\/\/drbadia.com\/es\/articulos-para-pacientes\/"},{"@type":"ListItem","position":3,"name":"Rosas ser\u00e1 operado de la mu\u00f1eca en USA"}]},{"@type":"WebSite","@id":"https:\/\/drbadia.com\/es\/#website","url":"https:\/\/drbadia.com\/es\/","name":"Dr. Badia Espa\u00f1ol","description":"Cirujano ortop\u00e9dico de renombre internacional","publisher":{"@id":"https:\/\/drbadia.com\/es\/#organization"},"potentialAction":[{"@type":"SearchAction","target":{"@type":"EntryPoint","urlTemplate":"https:\/\/drbadia.com\/es\/?s={search_term_string}"},"query-input":{"@type":"PropertyValueSpecification","valueRequired":true,"valueName":"search_term_string"}}],"inLanguage":"es"},{"@type":"Organization","@id":"https:\/\/drbadia.com\/es\/#organization","name":"Dr. Badia Espa\u00f1ol","url":"https:\/\/drbadia.com\/es\/","logo":{"@type":"ImageObject","inLanguage":"es","@id":"https:\/\/drbadia.com\/es\/#\/schema\/logo\/image\/","url":"https:\/\/drbadia.com\/es\/wp-content\/uploads\/sites\/2\/2023\/06\/logo-without-background.webp","contentUrl":"https:\/\/drbadia.com\/es\/wp-content\/uploads\/sites\/2\/2023\/06\/logo-without-background.webp","width":199,"height":125,"caption":"Dr. Badia Espa\u00f1ol"},"image":{"@id":"https:\/\/drbadia.com\/es\/#\/schema\/logo\/image\/"}},{"@type":"Person","@id":"https:\/\/drbadia.com\/es\/#\/schema\/person\/186591066455b6299abe863288d90577","name":"Sebastian Aroca","url":"https:\/\/drbadia.com\/es\/author\/supporthispanicmarketadvisors-com\/"}]}},"uagb_featured_image_src":{"full":["https:\/\/drbadia.com\/es\/wp-content\/uploads\/sites\/2\/2026\/01\/rosas-to-undergo-wrist-surgery-in-the-usa-img-1.jpg",768,512,false],"thumbnail":["https:\/\/drbadia.com\/es\/wp-content\/uploads\/sites\/2\/2026\/01\/rosas-to-undergo-wrist-surgery-in-the-usa-img-1-150x150.jpg",150,150,true],"medium":["https:\/\/drbadia.com\/es\/wp-content\/uploads\/sites\/2\/2026\/01\/rosas-to-undergo-wrist-surgery-in-the-usa-img-1-300x200.jpg",300,200,true],"medium_large":["https:\/\/drbadia.com\/es\/wp-content\/uploads\/sites\/2\/2026\/01\/rosas-to-undergo-wrist-surgery-in-the-usa-img-1.jpg",768,512,false],"large":["https:\/\/drbadia.com\/es\/wp-content\/uploads\/sites\/2\/2026\/01\/rosas-to-undergo-wrist-surgery-in-the-usa-img-1.jpg",768,512,false],"1536x1536":["https:\/\/drbadia.com\/es\/wp-content\/uploads\/sites\/2\/2026\/01\/rosas-to-undergo-wrist-surgery-in-the-usa-img-1.jpg",768,512,false],"2048x2048":["https:\/\/drbadia.com\/es\/wp-content\/uploads\/sites\/2\/2026\/01\/rosas-to-undergo-wrist-surgery-in-the-usa-img-1.jpg",768,512,false],"gform-image-choice-sm":["https:\/\/drbadia.com\/es\/wp-content\/uploads\/sites\/2\/2026\/01\/rosas-to-undergo-wrist-surgery-in-the-usa-img-1.jpg",300,200,false],"gform-image-choice-md":["https:\/\/drbadia.com\/es\/wp-content\/uploads\/sites\/2\/2026\/01\/rosas-to-undergo-wrist-surgery-in-the-usa-img-1.jpg",400,267,false],"gform-image-choice-lg":["https:\/\/drbadia.com\/es\/wp-content\/uploads\/sites\/2\/2026\/01\/rosas-to-undergo-wrist-surgery-in-the-usa-img-1.jpg",600,400,false]},"uagb_author_info":{"display_name":"Sebastian Aroca","author_link":"https:\/\/drbadia.com\/es\/author\/supporthispanicmarketadvisors-com\/"},"uagb_comment_info":0,"uagb_excerpt":"Juan Jos\u00e9 Rosas, el tenista peruano, ser\u00e1 operado de la mu\u00f1eca en Estados Unidos tras a\u00f1os de lesiones, con la esperanza de regresar a la competencia y representar a Per\u00fa en la Copa Davis en 2017.","_links":{"self":[{"href":"https:\/\/drbadia.com\/es\/wp-json\/wp\/v2\/posts\/23340","targetHints":{"allow":["GET"]}}],"collection":[{"href":"https:\/\/drbadia.com\/es\/wp-json\/wp\/v2\/posts"}],"about":[{"href":"https:\/\/drbadia.com\/es\/wp-json\/wp\/v2\/types\/post"}],"author":[{"embeddable":true,"href":"https:\/\/drbadia.com\/es\/wp-json\/wp\/v2\/users\/14"}],"replies":[{"embeddable":true,"href":"https:\/\/drbadia.com\/es\/wp-json\/wp\/v2\/comments?post=23340"}],"version-history":[{"count":0,"href":"https:\/\/drbadia.com\/es\/wp-json\/wp\/v2\/posts\/23340\/revisions"}],"wp:featuredmedia":[{"embeddable":true,"href":"https:\/\/drbadia.com\/es\/wp-json\/wp\/v2\/media\/23532"}],"wp:attachment":[{"href":"https:\/\/drbadia.com\/es\/wp-json\/wp\/v2\/media?parent=23340"}],"wp:term":[{"taxonomy":"category","embeddable":true,"href":"https:\/\/drbadia.com\/es\/wp-json\/wp\/v2\/categories?post=23340"},{"taxonomy":"post_tag","embeddable":true,"href":"https:\/\/drbadia.com\/es\/wp-json\/wp\/v2\/tags?post=23340"}],"curies":[{"name":"wp","href":"https:\/\/api.w.org\/{rel}","templated":true}]}}